{"id":197,"date":"2021-05-16T17:35:06","date_gmt":"2021-05-16T15:35:06","guid":{"rendered":"http:\/\/liad-alger.fr\/etincelle-liadoise\/?p=197"},"modified":"2022-03-08T18:26:10","modified_gmt":"2022-03-08T17:26:10","slug":"dessins-animes-une-fabrique-de-la-pensee","status":"publish","type":"post","link":"https:\/\/www.liad-alger.fr\/etincelle-liadoise\/dessins-animes-une-fabrique-de-la-pensee\/","title":{"rendered":"Dessins anim\u00e9s : une fabrique de la pens\u00e9e ?"},"content":{"rendered":"<div class=\"vce-row-container\" data-vce-boxed-width=\"true\"><div class=\"vce-row vce-row--col-gap-30 vce-row-equal-height vce-row-columns--top vce-row-content--top\" id=\"el-381f54ab\" data-vce-do-apply=\"all el-381f54ab\"><div class=\"vce-row-content\" data-vce-element-content=\"true\"><div class=\"vce-col vce-col--md-auto vce-col--xs-1 vce-col--xs-last vce-col--xs-first vce-col--sm-last vce-col--sm-first vce-col--md-last vce-col--lg-last vce-col--xl-last vce-col--md-first vce-col--lg-first vce-col--xl-first\" id=\"el-b1eb1a09\"><div class=\"vce-col-inner\" data-vce-do-apply=\"border margin background  el-b1eb1a09\"><div class=\"vce-col-content\" data-vce-element-content=\"true\" data-vce-do-apply=\"padding el-b1eb1a09\"><div class=\"vce vce-separator-container vce-separator--align-center vce-separator--style-solid\" id=\"el-86e5aaeb\" data-vce-do-apply=\"margin el-86e5aaeb\"><div class=\"vce-separator vce-separator--color-bfc0c1 vce-separator--width-60 vce-separator--thickness-1\" data-vce-do-apply=\"border padding background  el-86e5aaeb\"><\/div><\/div><\/div><\/div><\/div><\/div><\/div><\/div><div class=\"vce-row-container\" data-vce-boxed-width=\"true\"><div class=\"vce-row vce-row--col-gap-30 vce-row-equal-height vce-row-columns--top vce-row-content--top\" id=\"el-445c3a59\" data-vce-do-apply=\"all el-445c3a59\"><div class=\"vce-row-content\" data-vce-element-content=\"true\"><div class=\"vce-col vce-col--md-auto vce-col--xs-1 vce-col--xs-last vce-col--xs-first vce-col--sm-last vce-col--sm-first vce-col--md-last vce-col--lg-last vce-col--xl-last vce-col--md-first vce-col--lg-first vce-col--xl-first\" id=\"el-80d84a44\"><div class=\"vce-col-inner\" data-vce-do-apply=\"border margin background  el-80d84a44\"><div class=\"vce-col-content\" data-vce-element-content=\"true\" data-vce-do-apply=\"padding el-80d84a44\"><div class=\"vce-google-fonts-heading vce-google-fonts-heading--align-center vce-google-fonts-heading--color-b-135-152-106--45--5C00FF--FF7200 vce-google-fonts-heading--font-family-Yeseva-One\"><div class=\"vce-google-fonts-heading-wrapper\"><div class=\"vce-google-fonts-heading--background vce\" id=\"el-42d77c23\" data-vce-do-apply=\"border background  padding margin el-42d77c23\"><h2 class=\"vce-google-fonts-heading-inner\" style=\"font-weight: 400;\">Dessins anim\u00e9s : une fabrique de la pens\u00e9e ?<\/h2><\/div><\/div><\/div><\/div><\/div><\/div><\/div><\/div><\/div><div class=\"vce-row-container\" data-vce-boxed-width=\"true\"><div class=\"vce-row vce-row--col-gap-30 vce-row-equal-height vce-row-columns--top vce-row-content--top\" id=\"el-18c5b5d9\" data-vce-do-apply=\"all el-18c5b5d9\"><div class=\"vce-row-content\" data-vce-element-content=\"true\"><div class=\"vce-col vce-col--md-auto vce-col--xs-1 vce-col--xs-last vce-col--xs-first vce-col--sm-last vce-col--sm-first vce-col--md-last vce-col--lg-last vce-col--xl-last vce-col--md-first vce-col--lg-first vce-col--xl-first\" id=\"el-3292bfab\"><div class=\"vce-col-inner\" data-vce-do-apply=\"border margin background  el-3292bfab\"><div class=\"vce-col-content\" data-vce-element-content=\"true\" data-vce-do-apply=\"padding el-3292bfab\"><div class=\"vce vce-separator-container vce-separator--align-center vce-separator--style-solid\" id=\"el-3a5a35d3\" data-vce-do-apply=\"margin el-3a5a35d3\"><div class=\"vce-separator vce-separator--color-bfc0c1 vce-separator--width-60 vce-separator--thickness-1\" data-vce-do-apply=\"border padding background  el-3a5a35d3\"><\/div><\/div><\/div><\/div><\/div><\/div><\/div><\/div><div class=\"vce-row-container\" data-vce-boxed-width=\"true\"><div class=\"vce-row vce-row--col-gap-30 vce-row-equal-height vce-row-columns--top vce-row-content--top\" id=\"el-566c33a0\" data-vce-do-apply=\"all el-566c33a0\"><div class=\"vce-row-content\" data-vce-element-content=\"true\"><div class=\"vce-col vce-col--md-auto vce-col--xs-1 vce-col--xs-last vce-col--xs-first vce-col--sm-last vce-col--sm-first vce-col--md-last vce-col--lg-last vce-col--xl-last vce-col--md-first vce-col--lg-first vce-col--xl-first\" id=\"el-cc3a415c\"><div class=\"vce-col-inner\" data-vce-do-apply=\"border margin background  el-cc3a415c\"><div class=\"vce-col-content\" data-vce-element-content=\"true\" data-vce-do-apply=\"padding el-cc3a415c\"><div class=\"vce-text-block\"><div class=\"vce-text-block-wrapper vce\" id=\"el-37f87510\" data-vce-do-apply=\"all el-37f87510\"><p style=\"line-height: 1.75; text-align: justify;\"><span style=\"font-family: georgia, palatino, serif; font-size: 14pt;\">Rien n\u2019est plus difficile que d\u2019\u00e9crire un film ou un livre pour enfant, non ? Il faut que l\u2019univers captive d\u00e8s les premi\u00e8res minutes, il faut des aventures, des personnages qui brillent par leur bont\u00e9, leur intelligence, leur courage, assez pour faire \u00e9tinceler d\u2019admiration les yeux des spectateurs. Surtout, les histoires fictives destin\u00e9es \u00e0 la jeunesse sont tr\u00e8s loin du d\u00e9veloppement des personnages comme il est courant d\u2019en voir dans les \u0153uvres pour les jeunes adultes. Tout est simplifi\u00e9, compr\u00e9hensible, accessible. Le probl\u00e8me \u00e9tant qu\u2019on ne peut pas simplifier une histoire sans v\u00e9hiculer par la suite d\u2019\u00e9normes st\u00e9r\u00e9otypes et des morales douteuses. Ils sont nombreux, \u00e9crasants, et partout dans la vie de tout les jours. Et nous les injectons aux enfants d\u00e8s le plus jeune \u00e2ge. N\u2019est-ce pas hypocrite ? Ridicule ? Vain ? La soci\u00e9t\u00e9 actuelle est color\u00e9e de probl\u00e8mes de discriminations, de manque d\u2019\u00e9galit\u00e9, de repr\u00e9sentation. Nous tentons de les r\u00e9soudre par tous les moyens, mais pourquoi ne supprimons-nous pas leur origine ?<\/span><\/p><p style=\"line-height: 1.75; text-align: justify;\"><span style=\"font-family: georgia, palatino, serif; font-size: 14pt;\"><img loading=\"lazy\" decoding=\"async\" class=\"size-medium wp-image-736 alignright\" src=\"https:\/\/www.liad-alger.fr\/etincelle-liadoise\/wp-content\/uploads\/2021\/07\/dessins-anime\u0301s-2-249x300.jpeg\" alt=\"\" width=\"249\" height=\"300\" srcset=\"https:\/\/www.liad-alger.fr\/etincelle-liadoise\/wp-content\/uploads\/2021\/07\/dessins-anime\u0301s-2-249x300.jpeg 249w, https:\/\/www.liad-alger.fr\/etincelle-liadoise\/wp-content\/uploads\/2021\/07\/dessins-anime\u0301s-2.jpeg 515w\" sizes=\"auto, (max-width: 249px) 100vw, 249px\" \/>Prenons Barbie, que toutes les petites filles \u2013 et gar\u00e7ons- ont d\u00fb regarder au moins une fois. Pour Barbie, le probl\u00e8me n\u2019est pas si \u00e9vident ; Barbie est intelligente, tr\u00e8s gentille, elle n\u2019a besoin de personne pour trouver des solutions \u00e0 chaque ennui. Seulement, dans l\u2019univers \u00e0 paillette de la poup\u00e9e, tout le monde est grand, beau, blond avec les yeux bleus, parfaitement form\u00e9. Les personnages de couleurs se comptent sur les doigts d\u2019une main. Le cas est le m\u00eame pour les princesses Disney, \u00e0 ce jour les h\u00e9ro\u00efnes racis\u00e9es ne sont que cinq, m\u00eame si le progr\u00e8s est notable ; les princesses ne sont presque plus conditionn\u00e9es \u00e0 attendre le prince charmant sur son cheval blanc, mais ces dessins anim\u00e9s n\u2019en restent pas moins probl\u00e9matiques. Et je pense sinc\u00e8rement que le probl\u00e8me est le m\u00eame pour les gar\u00e7ons ; il n\u2019y a qu\u2019\u00e0 voir la place qu\u2019ils occupent sur l\u2019\u00e9cran, et leur attitude toujours brave, forte, et virile. C\u2019est par le biais de ces dessins anim\u00e9s que ce que nous identifions aujourd\u2019hui comme \u00e9tant la masculinit\u00e9 toxique a commenc\u00e9 \u00e0 germer. On nous a toujours renvoy\u00e9 l\u2019image de l\u2019homme fort qui sauve tout le monde, ne pleure jamais, tout simplement parce qu\u2019il n\u2019a pas peur.<\/span><\/p><p style=\"line-height: 1.75; text-align: justify;\"><span style=\"font-family: georgia, palatino, serif; font-size: 14pt;\">Je ne vais pas citer ces clich\u00e9s plus longtemps, mais forc\u00e9ment, vient un jour o\u00f9 on grandit, un jour o\u00f9 nous voyons bien que la r\u00e9alit\u00e9 n\u2019est pas celle d\u00e9peinte dans les films.<\/span><\/p><p style=\"line-height: 1.75; text-align: justify;\"><span style=\"font-family: georgia, palatino, serif; font-size: 14pt;\">Ce n\u2019est pas un hasard, si aujourd\u2019hui les personnes discrimin\u00e9es sont celles qui sont le moins repr\u00e9sent\u00e9es dans les dessins anim\u00e9s. Ce n\u2019est pas un hasard si nos clich\u00e9s sur les gens correspondent en tout point \u00e0 ces personnages plus simplifi\u00e9s. La grande blonde aux yeux bleus est toujours l\u2019idiote, le gar\u00e7on avec des lunettes qui n\u2019aime pas le foot sera toujours le geek introverti, et j\u2019en passe, parce que ces clich\u00e9s existent par milliers. Ce sont les exemples que nous avons eus petits, il est normal qu\u2019on s\u2019en serve pour comprendre le monde en grandissant. Et au lieu de venir corriger les choses, l\u2019\u00e9crasante majorit\u00e9 des fictions pour ados viennent en ajouter de nouveaux \u00e0 cet amas \u00e9norme : le bad boy au blouson en cuir, la petite nouvelle timide, la peste du lyc\u00e9e (toujours \u00e9trangement blonde et magnifique), le meilleur ami homosexuel qui aime le maquillage et parler de gar\u00e7ons avec ses copines. Plus \u00e9trange encore, ces figures se retrouvent, s\u2019accordent, et forment harmonieusement une humanit\u00e9 aux couleurs fades et sans saveur. Jamais de personnages racis\u00e9es, si ce n\u2019est avec des pr\u00e9jug\u00e9s astronomiques accroch\u00e9s aux pieds. Jamais d\u2019autres morphologies que les standards de beaut\u00e9. Il est \u00e9vident qu\u2019\u00e0 force de rencontrer les m\u00eames personnages avec les m\u00eames attributs et le m\u00eame caract\u00e8re, on finit par penser qu\u2019ils sont tous les m\u00eames.<\/span><\/p><p style=\"line-height: 1.75; text-align: justify;\"><span style=\"font-family: georgia, palatino, serif; font-size: 14pt;\">Est-ce normal ? Cela veut-il dire que les fictions pour enfants sont en r\u00e9alit\u00e9 destin\u00e9es \u00e0 une petite partie de tous ? Cela veut donc dire que les autres ne m\u00e9ritent pas d\u2019\u00eatre repr\u00e9sent\u00e9s, qui n\u2019ont pas le droit de voir des personnages qui leur ressemble, parce qu\u2019ils sont trop ci ou pas assez cela ? Et que se passe-t-il lorsqu\u2019un enfant voit ce genre de choses dans les livres ou \u00e0 la t\u00e9l\u00e9 ? Il pense que le monde, c\u2019est \u00e7a. Que c\u2019est ainsi qu\u2019il est fait, qu\u2019il fonctionne, que c\u2019est ainsi qu\u2019il faut \u00eatre. Que ce qui ne correspond pas \u00e0 \u00e7a n\u2019est ni bon, ni normal, ni acceptable. Et c\u2019est comme \u00e7a que nous cultivons le racisme, le sexisme, l\u2019homophobie, c\u2019est comme \u00e7a que nous apprenons \u00e0 coller des \u00e9tiquettes aux gens.<\/span><\/p><p style=\"line-height: 1.75; text-align: justify;\"><span style=\"font-family: georgia, palatino, serif; font-size: 14pt;\">O\u00f9 ce syst\u00e8me nous a-t-il amen\u00e9 ? Les faits parlent d\u2019eux-m\u00eames. Il m\u2019arrive de revoir de vieux dessins anim\u00e9s de temps en temps, ou de relire certains de mes anciens livres. Au-del\u00e0 des dialogues qui me paraissent grotesques avec du recul, il est tr\u00e8s fr\u00e9quent que je m\u2019indigne toute seule face \u00e0 ce que j\u2019adulais \u00e9tant petite. C\u2019est donc de \u00e7a que mon imaginaire se nourrissait ?<\/span><\/p><p style=\"line-height: 1.75; text-align: justify;\"><span style=\"font-family: georgia, palatino, serif; font-size: 14pt;\"><img loading=\"lazy\" decoding=\"async\" class=\"size-medium wp-image-804 alignleft\" src=\"https:\/\/www.liad-alger.fr\/etincelle-liadoise\/wp-content\/uploads\/2021\/07\/download-3-300x164.jpg\" alt=\"\" width=\"300\" height=\"164\" srcset=\"https:\/\/www.liad-alger.fr\/etincelle-liadoise\/wp-content\/uploads\/2021\/07\/download-3-300x164.jpg 300w, https:\/\/www.liad-alger.fr\/etincelle-liadoise\/wp-content\/uploads\/2021\/07\/download-3.jpg 303w\" sizes=\"auto, (max-width: 300px) 100vw, 300px\" \/>Rien n\u2019est plus difficile que d\u2019\u00e9crire un film ou un livre pour enfant, non ? Alors autant que ce soit pour les bonnes raisons. Il faut que l\u2019univers captive d\u00e8s les premi\u00e8res minutes, il faut des aventures, des personnages qui brillent par leur bont\u00e9, leur intelligence, leur courage, assez pour faire \u00e9tinceler d\u2019admiration les yeux des spectateurs. Il faut des personnages auxquels nous pouvons nous identifier, des personnages imparfaits, qui font des erreurs, se rel\u00e8vent, continuent d\u2019avancer. Des personnages divers et nombreux, qui mettent en valeur toute la diversit\u00e9 culturelle au sein de l'esp\u00e8ce humaine, parce qu\u2019elle est magnifique, et qu\u2019au lieu de la nier nous devrions la mettre \u00e0 l\u2019honneur. La culture que nous offrons aux plus jeunes est ce qui va forger leur premi\u00e8re image du monde, et je suis sinc\u00e8rement convaincue que \u00e7a permettra aux g\u00e9n\u00e9rations futures de comprendre ce qu\u2019encore trop de personnes aujourd\u2019hui refusent d\u2019admettre.<\/span><\/p><p style=\"line-height: 1.75; text-align: justify;\"><span style=\"font-family: georgia, palatino, serif; font-size: 14pt;\">Le monde aurait-il \u00e9t\u00e9 diff\u00e9rent si nous avions pris le temps d\u2019\u00e9laborer des fictions justes, qui pr\u00f4nent la diversit\u00e9 et encouragent la diff\u00e9rence au lieu de rejeter son existence ? \u00c0 vous de me r\u00e9pondre.<\/span><\/p><p style=\"line-height: 1.75; text-align: right;\"><span style=\"font-family: georgia, palatino, serif; font-size: 14pt;\">Camyla Lakhel-Ayat 2.4<\/span><\/p><\/div><\/div><\/div><\/div><\/div><\/div><\/div><\/div>\n","protected":false},"excerpt":{"rendered":"<p> Rien n\u2019est plus difficile que d\u2019\u00e9crire un film ou un livre pour enfant, non ? Il faut que L\u2019univers captive d\u00e8s les premi\u00e8res minutes, il faut des aventures, des personnages qui brillent par leur bont\u00e9, leur intelligence, leur courage, assez pour faire \u00e9tinceler d\u2019admiration les yeux des spectateurs.<\/p>\n","protected":false},"author":1,"featured_media":737,"comment_status":"closed","ping_status":"closed","sticky":false,"template":"","format":"standard","meta":{"_acf_changed":false,"footnotes":""},"categories":[24],"tags":[],"class_list":["post-197","post","type-post","status-publish","format-standard","has-post-thumbnail","hentry","category-divers"],"acf":[],"_links":{"self":[{"href":"https:\/\/www.liad-alger.fr\/etincelle-liadoise\/wp-json\/wp\/v2\/posts\/197","targetHints":{"allow":["GET"]}}],"collection":[{"href":"https:\/\/www.liad-alger.fr\/etincelle-liadoise\/wp-json\/wp\/v2\/posts"}],"about":[{"href":"https:\/\/www.liad-alger.fr\/etincelle-liadoise\/wp-json\/wp\/v2\/types\/post"}],"author":[{"embeddable":true,"href":"https:\/\/www.liad-alger.fr\/etincelle-liadoise\/wp-json\/wp\/v2\/users\/1"}],"replies":[{"embeddable":true,"href":"https:\/\/www.liad-alger.fr\/etincelle-liadoise\/wp-json\/wp\/v2\/comments?post=197"}],"version-history":[{"count":10,"href":"https:\/\/www.liad-alger.fr\/etincelle-liadoise\/wp-json\/wp\/v2\/posts\/197\/revisions"}],"predecessor-version":[{"id":1301,"href":"https:\/\/www.liad-alger.fr\/etincelle-liadoise\/wp-json\/wp\/v2\/posts\/197\/revisions\/1301"}],"wp:featuredmedia":[{"embeddable":true,"href":"https:\/\/www.liad-alger.fr\/etincelle-liadoise\/wp-json\/wp\/v2\/media\/737"}],"wp:attachment":[{"href":"https:\/\/www.liad-alger.fr\/etincelle-liadoise\/wp-json\/wp\/v2\/media?parent=197"}],"wp:term":[{"taxonomy":"category","embeddable":true,"href":"https:\/\/www.liad-alger.fr\/etincelle-liadoise\/wp-json\/wp\/v2\/categories?post=197"},{"taxonomy":"post_tag","embeddable":true,"href":"https:\/\/www.liad-alger.fr\/etincelle-liadoise\/wp-json\/wp\/v2\/tags?post=197"}],"curies":[{"name":"wp","href":"https:\/\/api.w.org\/{rel}","templated":true}]}}